{"id":827,"date":"2020-12-23T22:05:38","date_gmt":"2020-12-23T22:05:38","guid":{"rendered":"https:\/\/aduc.org.ar\/wpl\/?p=827"},"modified":"2020-12-23T22:05:38","modified_gmt":"2020-12-23T22:05:38","slug":"el-expediente-caratulado-asociacion-por-la-defensa-de-usuarios-y-consumidores-c-banco-comafi-s-a-s-ordinario-expte-18333-2016","status":"publish","type":"post","link":"https:\/\/aduc.org.ar\/wpl\/index.php\/2020\/12\/23\/el-expediente-caratulado-asociacion-por-la-defensa-de-usuarios-y-consumidores-c-banco-comafi-s-a-s-ordinario-expte-18333-2016\/","title":{"rendered":"El expediente caratulado \u00abASOCIACION POR LA DEFENSA DE USUARIOS Y CONSUMIDORES C\/ BANCO COMAFI S.A. S\/ORDINARIO\u00bb (Expte. 18333\/2016)"},"content":{"rendered":"\n<p>\n\nEl Juzgado Nacional en lo Comercial n\u00b0 1 a cargo del Dr. Aleman, Alberto\nDaniel JUEZ, Secretar\u00eda n\u00b0 1, con sede en Av. Roque S. Pe\u00f1a 1211 5\u00ba piso\n(C.A.B.A.), comunica por cinco (5) d\u00edas a aquellos consumidores y\/o usuarios\ndel servicio financiero brindado por el BANCO COMAFI SA que se encuentra\nen tr\u00e1mite el expediente caratulado \u00abASOCIACION POR LA DEFENSA DE\nUSUARIOS Y CONSUMIDORES C\/ BANCO COMAFI S.A. S\/ORDINARIO\u00bb\n(Expte. 18333\/2016), proceso colectivo que involucra a quienes se les haya\ncobrado una comisi\u00f3n por mantenimiento de cuenta aplicada a las cajas de\nahorro y a las cuentas corrientes, ofrecidas por el Banco. Se publicita el\npresente a fin de que aquellos consumidores (clientes y ex clientes de BANCO\nCOMAFI SA) que se consideren afectados comparezcan a la causa a ejercer el\nderecho de exclusi\u00f3n previsto por el art. 54 de la ley 24.240 (2\u00b0 p\u00e1rrafo) dentro\ndel plazo de treinta (30) d\u00edas contados a partir el \u00faltimo d\u00eda de publicaci\u00f3n\nedictal, y para que puedan manifestar su deseo de no ser abarcados por la\nsentencia que pueda dictarse en el presente juicio. Asimismo, se les hace\nsaber que si la sentencia a dictarse denegase el reclamo colectivo, subsistir\u00e1\npara cada damnificado la v\u00eda judicial individual\n\n<\/p>\n","protected":false},"excerpt":{"rendered":"<p>El Juzgado Nacional en lo Comercial n\u00b0 1 a cargo del Dr. Aleman, Alberto Daniel JUEZ, Secretar\u00eda n\u00b0 1, con sede en Av. Roque S. Pe\u00f1a 1211 5\u00ba piso (C.A.B.A.), comunica por cinco (5) d\u00edas a aquellos consumidores y\/o usuarios del servicio financiero brindado por el BANCO COMAFI SA que se encuentra en tr\u00e1mite el <a href=\"https:\/\/aduc.org.ar\/wpl\/index.php\/2020\/12\/23\/el-expediente-caratulado-asociacion-por-la-defensa-de-usuarios-y-consumidores-c-banco-comafi-s-a-s-ordinario-expte-18333-2016\/\" rel=\"nofollow\"><span class=\"sr-only\">Leer m\u00e1sEl expediente caratulado \u00abASOCIACION POR LA DEFENSA DE USUARIOS Y CONSUMIDORES C\/ BANCO COMAFI S.A. S\/ORDINARIO\u00bb (Expte. 18333\/2016)<\/span>[&hellip;]<\/a><\/p>\n","protected":false},"author":2,"featured_media":409,"comment_status":"open","ping_status":"open","sticky":false,"template":"","format":"standard","meta":{"footnotes":""},"categories":[1],"tags":[],"class_list":["post-827","post","type-post","status-publish","format-standard","has-post-thumbnail","hentry","category-sin-categoria"],"_links":{"self":[{"href":"https:\/\/aduc.org.ar\/wpl\/index.php\/wp-json\/wp\/v2\/posts\/827","targetHints":{"allow":["GET"]}}],"collection":[{"href":"https:\/\/aduc.org.ar\/wpl\/index.php\/wp-json\/wp\/v2\/posts"}],"about":[{"href":"https:\/\/aduc.org.ar\/wpl\/index.php\/wp-json\/wp\/v2\/types\/post"}],"author":[{"embeddable":true,"href":"https:\/\/aduc.org.ar\/wpl\/index.php\/wp-json\/wp\/v2\/users\/2"}],"replies":[{"embeddable":true,"href":"https:\/\/aduc.org.ar\/wpl\/index.php\/wp-json\/wp\/v2\/comments?post=827"}],"version-history":[{"count":1,"href":"https:\/\/aduc.org.ar\/wpl\/index.php\/wp-json\/wp\/v2\/posts\/827\/revisions"}],"predecessor-version":[{"id":828,"href":"https:\/\/aduc.org.ar\/wpl\/index.php\/wp-json\/wp\/v2\/posts\/827\/revisions\/828"}],"wp:featuredmedia":[{"embeddable":true,"href":"https:\/\/aduc.org.ar\/wpl\/index.php\/wp-json\/wp\/v2\/media\/409"}],"wp:attachment":[{"href":"https:\/\/aduc.org.ar\/wpl\/index.php\/wp-json\/wp\/v2\/media?parent=827"}],"wp:term":[{"taxonomy":"category","embeddable":true,"href":"https:\/\/aduc.org.ar\/wpl\/index.php\/wp-json\/wp\/v2\/categories?post=827"},{"taxonomy":"post_tag","embeddable":true,"href":"https:\/\/aduc.org.ar\/wpl\/index.php\/wp-json\/wp\/v2\/tags?post=827"}],"curies":[{"name":"wp","href":"https:\/\/api.w.org\/{rel}","templated":true}]}}